{"id":115,"date":"2024-10-04T14:26:48","date_gmt":"2024-10-04T14:26:48","guid":{"rendered":"https:\/\/gostivari.gov.mk\/042\/?p=115"},"modified":"2024-10-04T14:26:48","modified_gmt":"2024-10-04T14:26:48","slug":"340-mije-euro-per-uljen-e-ndotjes-se-ajrit-ne-komunen-e-gostivarit","status":"publish","type":"post","link":"https:\/\/gostivari.gov.mk\/042\/archives\/115","title":{"rendered":"340 MIJ\u00cb EURO P\u00cbR ULJEN E NDOTJES S\u00cb AJRIT N\u00cb KOMUN\u00cbN E GOSTIVARIT"},"content":{"rendered":"\n<p>Komuna e Gostivarit n\u00eb bashk\u00ebpunim me UNDP-n\u00eb do t\u00eb investoj\u00eb gjithsej 340 mij\u00eb euro p\u00ebr uljen e ndotjes s\u00eb ajrit n\u00eb Gostivar.<\/p>\n\n\n\n<p>N\u00eb sesionin e par\u00eb t\u00eb forumeve n\u00eb bashk\u00ebsi q\u00eb u mbajt dje, u b\u00eb e ditur se duhet t\u00eb zgjidhen dy masa q\u00eb duhet t\u00eb zbatohen gjat\u00eb vitit 2025 e q\u00eb do t\u00eb kontribuojn\u00eb n\u00eb uljen e ndjotjes s\u00eb ajrit.<\/p>\n\n\n\n<p><a><\/a>Kryetari Valbon Limani theksoi se Komuna e Gostivarit ka program vjetor p\u00ebr uljen e ndotjes s\u00eb ajrit dhe se vazhdimisht po punohet n\u00eb projekte q\u00eb zvog\u00eblojn\u00eb ndotjen e ajrit.<\/p>\n\n\n\n<p>\u201cKomuna e Gostivarit ka program\u00eb vjetor p\u00ebr ndotjen e ajrit, d .m .th masat t\u00eb cilat nd\u00ebrmerren. Disa vite kemi pasur subvencionim p\u00ebr bi\u00e7ikleta, subvencionimin e inverter\u00ebve dhe gjithashtu gati se \u00e7do vit gjat\u00eb Jav\u00ebs s\u00eb Mobilitetit b\u00ebjm\u00eb aktivitet p\u00ebr Dit\u00ebn nd\u00ebrkomb\u00ebtare pa automjete ku i motivojm\u00eb t\u00eb rinjt\u00eb dhe qytetar\u00ebt q\u00eb ti shfryt\u00ebzojn\u00eb sa m\u00eb tep\u00ebr bi\u00e7ikletat si dhe sa m\u00eb tep\u00ebr t\u00eb ecin q\u00eb sa m\u00eb pak ti p\u00ebrdorin automjetet me q\u00ebllim q\u00eb t\u00eb ulet ndotja n\u00eb qytetin ton\u00eb\u201d, deklaroi kryetari Vlabon Limani.<\/p>\n","protected":false},"excerpt":{"rendered":"<p>Komuna e Gostivarit n\u00eb bashk\u00ebpunim me UNDP-n\u00eb do t\u00eb investoj\u00eb gjithsej 340 mij\u00eb euro p\u00ebr uljen e ndotjes s\u00eb ajrit n\u00eb Gostivar. N\u00eb sesionin e par\u00eb t\u00eb forumeve n\u00eb bashk\u00ebsi q\u00eb u mbajt dje, u b\u00eb e ditur se duhet t\u00eb zgjidhen dy masa q\u00eb duhet t\u00eb zbatohen gjat\u00eb vitit 2025 e q\u00eb do t\u00eb [&hellip;]<\/p>\n","protected":false},"author":1,"featured_media":116,"comment_status":"closed","ping_status":"closed","sticky":false,"template":"","format":"standard","meta":{"footnotes":""},"categories":[15],"tags":[],"class_list":["post-115","post","type-post","status-publish","format-standard","has-post-thumbnail","hentry","category-lajme"],"_links":{"self":[{"href":"https:\/\/gostivari.gov.mk\/042\/wp-json\/wp\/v2\/posts\/115","targetHints":{"allow":["GET"]}}],"collection":[{"href":"https:\/\/gostivari.gov.mk\/042\/wp-json\/wp\/v2\/posts"}],"about":[{"href":"https:\/\/gostivari.gov.mk\/042\/wp-json\/wp\/v2\/types\/post"}],"author":[{"embeddable":true,"href":"https:\/\/gostivari.gov.mk\/042\/wp-json\/wp\/v2\/users\/1"}],"replies":[{"embeddable":true,"href":"https:\/\/gostivari.gov.mk\/042\/wp-json\/wp\/v2\/comments?post=115"}],"version-history":[{"count":1,"href":"https:\/\/gostivari.gov.mk\/042\/wp-json\/wp\/v2\/posts\/115\/revisions"}],"predecessor-version":[{"id":117,"href":"https:\/\/gostivari.gov.mk\/042\/wp-json\/wp\/v2\/posts\/115\/revisions\/117"}],"wp:featuredmedia":[{"embeddable":true,"href":"https:\/\/gostivari.gov.mk\/042\/wp-json\/wp\/v2\/media\/116"}],"wp:attachment":[{"href":"https:\/\/gostivari.gov.mk\/042\/wp-json\/wp\/v2\/media?parent=115"}],"wp:term":[{"taxonomy":"category","embeddable":true,"href":"https:\/\/gostivari.gov.mk\/042\/wp-json\/wp\/v2\/categories?post=115"},{"taxonomy":"post_tag","embeddable":true,"href":"https:\/\/gostivari.gov.mk\/042\/wp-json\/wp\/v2\/tags?post=115"}],"curies":[{"name":"wp","href":"https:\/\/api.w.org\/{rel}","templated":true}]}}