{"id":156,"date":"2024-10-07T11:42:40","date_gmt":"2024-10-07T11:42:40","guid":{"rendered":"https:\/\/gostivari.gov.mk\/042\/?p=156"},"modified":"2024-10-07T11:42:40","modified_gmt":"2024-10-07T11:42:40","slug":"%d0%b8%d0%bd%d1%82%d0%b5%d1%80%d0%b5%d0%bd-%d0%be%d0%b3%d0%bb%d0%b0%d1%81","status":"publish","type":"post","link":"https:\/\/gostivari.gov.mk\/042\/mk\/archives\/156","title":{"rendered":"\u0418\u043d\u0442\u0435\u0440\u0435\u043d \u043e\u0433\u043b\u0430\u0441"},"content":{"rendered":"\n<p>N\u00eb baz\u00eb t\u00eb nenit 30 paragrafi 1 alineja 2, paragrafi 3 dhe neni 48 t\u00eb Ligjit p\u00ebr n\u00ebpun\u00ebs administrativ (\u201cGazeta Zyrtare e Republik\u00ebs s\u00eb Maqedonis\u00eb\u201d nr. 27.2014, 199\/2014, 48\/2015, 154\/2015, 5\/2016, 142\/2016 dhe 11\/2018) dhe (\u2018\u2019Gazeta zyrtare RMV-s\u00eb\u2019 \u2019nr.275\/2019, 14\/2020, 215\/2021 dhe 99\/2022) dhe nenit 2 dhe 3 t\u00eb Rregullores p\u00ebr form\u00ebn dhe p\u00ebrmbajtjen e shpalljes interne, m\u00ebnyra e dor\u00ebzimit t\u00eb flet\u00ebparaqitjes p\u00ebr avancim, m\u00ebnyra e realizimit t\u00eb n\u00ebpun\u00ebsve shtet\u00ebror si dhe m\u00ebnyra e selektimit administrativ dhe intervista si dhe m\u00ebnyra e dh\u00ebni\u00ebs s\u00eb pik\u00ebve dhe numri maksimal i pik\u00ebve nga procedura e selektimit mvar\u00ebsisht nga kategorija e vendit t\u00eb pun\u00ebs p\u00ebr t\u00eb cil\u00ebn \u00ebsht\u00eb shpallur konkursi intern (Gazeta Zyrtare e RM nr.11\/2015 dhe 35\/2018), Komuna e Gostivarit publikon:<\/p>\n\n\n\n<p><a href=\"https:\/\/gostivari.gov.mk\/042\/wp-content\/uploads\/2024\/10\/FLETEPARAQITJA-\u041f\u0420\u0418\u0408\u0410\u0412\u0410-1-2024-1.docx\">FLET\u00cbPARAQITJA-\u041f\u0420\u0418\u0408\u0410\u0412\u0410 1-2024<\/a><\/p>\n\n\n\n<p><a href=\"https:\/\/gostivari.gov.mk\/042\/wp-content\/uploads\/2024\/10\/Shpallje-interne-\u0418\u043d\u0442\u0435\u0440\u0435\u043d-\u043e\u0433\u043b\u0430\u0441-01-2024-1.pdf\">Shpallje interne-\u0418\u043d\u0442\u0435\u0440\u0435\u043d \u043e\u0433\u043b\u0430\u0441 01-2024<\/a><\/p>\n","protected":false},"excerpt":{"rendered":"<p>N\u00eb baz\u00eb t\u00eb nenit 30 paragrafi 1 alineja 2, paragrafi 3 dhe neni 48 t\u00eb Ligjit p\u00ebr n\u00ebpun\u00ebs administrativ (\u201cGazeta Zyrtare e Republik\u00ebs s\u00eb Maqedonis\u00eb\u201d nr. 27.2014, 199\/2014, 48\/2015, 154\/2015, 5\/2016, 142\/2016 dhe 11\/2018) dhe (\u2018\u2019Gazeta zyrtare RMV-s\u00eb\u2019 \u2019nr.275\/2019, 14\/2020, 215\/2021 dhe 99\/2022) dhe nenit 2 dhe 3 t\u00eb Rregullores p\u00ebr form\u00ebn dhe p\u00ebrmbajtjen e [&hellip;]<\/p>\n","protected":false},"author":1,"featured_media":57,"comment_status":"open","ping_status":"open","sticky":false,"template":"","format":"standard","meta":{"footnotes":""},"categories":[9],"tags":[],"class_list":["post-156","post","type-post","status-publish","format-standard","has-post-thumbnail","hentry","category-uncategorized-mk"],"_links":{"self":[{"href":"https:\/\/gostivari.gov.mk\/042\/wp-json\/wp\/v2\/posts\/156","targetHints":{"allow":["GET"]}}],"collection":[{"href":"https:\/\/gostivari.gov.mk\/042\/wp-json\/wp\/v2\/posts"}],"about":[{"href":"https:\/\/gostivari.gov.mk\/042\/wp-json\/wp\/v2\/types\/post"}],"author":[{"embeddable":true,"href":"https:\/\/gostivari.gov.mk\/042\/wp-json\/wp\/v2\/users\/1"}],"replies":[{"embeddable":true,"href":"https:\/\/gostivari.gov.mk\/042\/wp-json\/wp\/v2\/comments?post=156"}],"version-history":[{"count":1,"href":"https:\/\/gostivari.gov.mk\/042\/wp-json\/wp\/v2\/posts\/156\/revisions"}],"predecessor-version":[{"id":157,"href":"https:\/\/gostivari.gov.mk\/042\/wp-json\/wp\/v2\/posts\/156\/revisions\/157"}],"wp:featuredmedia":[{"embeddable":true,"href":"https:\/\/gostivari.gov.mk\/042\/wp-json\/wp\/v2\/media\/57"}],"wp:attachment":[{"href":"https:\/\/gostivari.gov.mk\/042\/wp-json\/wp\/v2\/media?parent=156"}],"wp:term":[{"taxonomy":"category","embeddable":true,"href":"https:\/\/gostivari.gov.mk\/042\/wp-json\/wp\/v2\/categories?post=156"},{"taxonomy":"post_tag","embeddable":true,"href":"https:\/\/gostivari.gov.mk\/042\/wp-json\/wp\/v2\/tags?post=156"}],"curies":[{"name":"wp","href":"https:\/\/api.w.org\/{rel}","templated":true}]}}