{"id":1835,"date":"2025-09-19T12:54:06","date_gmt":"2025-09-19T12:54:06","guid":{"rendered":"https:\/\/gostivari.gov.mk\/042\/?p=1835"},"modified":"2025-09-19T12:54:06","modified_gmt":"2025-09-19T12:54:06","slug":"komuna-e-gostivarit-ftese-per-qytetaret-me-rastin-e-javes-evropiane-te-levizjes-16-22-shtator","status":"publish","type":"post","link":"https:\/\/gostivari.gov.mk\/042\/archives\/1835","title":{"rendered":"Komuna e Gostivarit: Ftes\u00eb p\u00ebr qytetar\u00ebt me rastin e &#8220;Jav\u00ebs Evropiane t\u00eb L\u00ebvizjes&#8221; (16-22 shtator)"},"content":{"rendered":"<p><!--StartFragment --><\/p>\n<p><span class=\"cf1\">Komuna e Gostivarit, edhe k\u00ebt\u00eb vit, p\u00ebr t\u00eb pestin vit me radh\u00eb, i bashkohet aktiviteteve dhe angazhimeve t\u00eb shumta q\u00eb zhvillohen n\u00eb kuad\u00ebr t\u00eb &#8220;Jav\u00ebs Evropiane t\u00eb L\u00ebvizjes&#8221;, e cila sh\u00ebnohet nga data 16 deri m\u00eb 22 shtator n\u00eb t\u00eb gjitha vendet e Evrop\u00ebs.<\/span><\/p>\n<p><span class=\"cf1\">Kjo jav\u00eb ka p\u00ebr q\u00ebllim t\u00eb nd\u00ebrgjegj\u00ebsoj\u00eb qytetar\u00ebt p\u00ebr r\u00ebnd\u00ebsin\u00eb e mbrojtjes s\u00eb mjedisit jet\u00ebsor, p\u00ebrmir\u00ebsimin e cil\u00ebsis\u00eb s\u00eb ajrit dhe krijimin e kushteve m\u00eb t\u00eb sh\u00ebndetshme p\u00ebr t\u00eb gjith\u00eb ne. N\u00eb k\u00ebt\u00eb kuad\u00ebr, Komuna e Gostivarit u b\u00ebn thirrje t\u00eb gjith\u00eb qytetar\u00ebve q\u00eb gjat\u00eb k\u00ebtyre dit\u00ebve t\u00eb p\u00ebrdorin sa m\u00eb pak <\/span><span class=\"cf1\">automjetet<\/span><span class=\"cf1\"> private dhe t\u00eb zgjedhin mjete alternative t\u00eb transportit si: ecja n\u00eb k\u00ebmb\u00eb, bi\u00e7ikletat, transporti publik, <\/span><span class=\"cf1\">etj<\/span><span class=\"cf1\">.<\/span><\/p>\n<p><span class=\"cf1\">P\u00ebrdorimi i automjeteve \u00ebsht\u00eb nj\u00eb nga faktor\u00ebt kryesor\u00eb q\u00eb ndikon negativisht n\u00eb ndotjen e ajrit dhe n\u00eb p\u00ebrkeq\u00ebsimin e kushteve mjedisore. Prandaj, \u00e7do hap i vog\u00ebl q\u00eb b\u00ebjm\u00eb si individ\u00eb, duke zgjedhur m\u00ebnyra t\u00eb tjera t\u00eb l\u00ebvizjes, ndihmon n\u00eb uljen e ndotjes, kursimin e energjis\u00eb dhe krijimin e nj\u00eb qyteti m\u00eb t\u00eb past\u00ebr e m\u00eb t\u00eb gjelb\u00ebr p\u00ebr gjeneratat e ardhshme.<\/span><\/p>\n<p><span class=\"cf1\">Komuna e Gostivarit thekson se pjes\u00ebmarrja aktive e qytetar\u00ebve n\u00eb k\u00ebt\u00eb nism\u00eb \u00ebsht\u00eb nj\u00eb hap i r\u00ebnd\u00ebsish\u00ebm drejt nd\u00ebrtimit t\u00eb nj\u00eb kulture t\u00eb re t\u00eb l\u00ebvizjes s\u00eb q\u00ebndrueshme. P\u00ebrve\u00e7 aspektit mjedisor, l\u00ebvizja pa automjete kontribuon edhe n\u00eb sh\u00ebndetin ton\u00eb fizik e mendor, duke na ofruar m\u00eb shum\u00eb gjall\u00ebri dhe nj\u00eb stil jetese m\u00eb aktiv.<\/span><\/p>\n<p><span class=\"cf1\">Komuna e Gostivarit fton t\u00eb gjith\u00eb qytetar\u00ebt, shkollat, t\u00eb rinjt\u00eb, bizneset dhe institucionet q\u00eb t\u00eb kontribuojn\u00eb me shembullin e tyre dhe t\u00eb b\u00ebhen pjes\u00eb aktive e &#8220;Jav\u00ebs Evropiane t\u00eb L\u00ebvizjes&#8221;, sepse vet\u00ebm s\u00eb bashku mund t\u00eb nd\u00ebrtojm\u00eb nj\u00eb qytet m\u00eb t\u00eb gjelb\u00ebr, m\u00eb t\u00eb past\u00ebr dhe m\u00eb t\u00eb sh\u00ebndetsh\u00ebm.<\/span><\/p>\n<p><!--EndFragment --><\/p>\n","protected":false},"excerpt":{"rendered":"<p>Komuna e Gostivarit, edhe k\u00ebt\u00eb vit, p\u00ebr t\u00eb pestin vit me radh\u00eb, i bashkohet aktiviteteve dhe angazhimeve t\u00eb shumta q\u00eb zhvillohen n\u00eb kuad\u00ebr t\u00eb &#8220;Jav\u00ebs Evropiane t\u00eb L\u00ebvizjes&#8221;, e cila sh\u00ebnohet nga data 16 deri m\u00eb 22 shtator n\u00eb t\u00eb gjitha vendet e Evrop\u00ebs. Kjo jav\u00eb ka p\u00ebr q\u00ebllim t\u00eb nd\u00ebrgjegj\u00ebsoj\u00eb qytetar\u00ebt p\u00ebr r\u00ebnd\u00ebsin\u00eb e [&hellip;]<\/p>\n","protected":false},"author":4,"featured_media":1836,"comment_status":"closed","ping_status":"closed","sticky":false,"template":"","format":"standard","meta":{"footnotes":""},"categories":[15],"tags":[],"class_list":["post-1835","post","type-post","status-publish","format-standard","has-post-thumbnail","hentry","category-lajme"],"_links":{"self":[{"href":"https:\/\/gostivari.gov.mk\/042\/wp-json\/wp\/v2\/posts\/1835","targetHints":{"allow":["GET"]}}],"collection":[{"href":"https:\/\/gostivari.gov.mk\/042\/wp-json\/wp\/v2\/posts"}],"about":[{"href":"https:\/\/gostivari.gov.mk\/042\/wp-json\/wp\/v2\/types\/post"}],"author":[{"embeddable":true,"href":"https:\/\/gostivari.gov.mk\/042\/wp-json\/wp\/v2\/users\/4"}],"replies":[{"embeddable":true,"href":"https:\/\/gostivari.gov.mk\/042\/wp-json\/wp\/v2\/comments?post=1835"}],"version-history":[{"count":2,"href":"https:\/\/gostivari.gov.mk\/042\/wp-json\/wp\/v2\/posts\/1835\/revisions"}],"predecessor-version":[{"id":1838,"href":"https:\/\/gostivari.gov.mk\/042\/wp-json\/wp\/v2\/posts\/1835\/revisions\/1838"}],"wp:featuredmedia":[{"embeddable":true,"href":"https:\/\/gostivari.gov.mk\/042\/wp-json\/wp\/v2\/media\/1836"}],"wp:attachment":[{"href":"https:\/\/gostivari.gov.mk\/042\/wp-json\/wp\/v2\/media?parent=1835"}],"wp:term":[{"taxonomy":"category","embeddable":true,"href":"https:\/\/gostivari.gov.mk\/042\/wp-json\/wp\/v2\/categories?post=1835"},{"taxonomy":"post_tag","embeddable":true,"href":"https:\/\/gostivari.gov.mk\/042\/wp-json\/wp\/v2\/tags?post=1835"}],"curies":[{"name":"wp","href":"https:\/\/api.w.org\/{rel}","templated":true}]}}