{"id":2200,"date":"2026-03-24T13:13:52","date_gmt":"2026-03-24T13:13:52","guid":{"rendered":"https:\/\/gostivari.gov.mk\/042\/?p=2200"},"modified":"2026-03-24T13:27:12","modified_gmt":"2026-03-24T13:27:12","slug":"njoftim-per-bizneset-e-industrise-se-modes-ne-komunen-e-gostivarit","status":"publish","type":"post","link":"https:\/\/gostivari.gov.mk\/042\/archives\/2200","title":{"rendered":"NJOFTIM P\u00cbR BIZNESET E INDUSTRIS\u00cb S\u00cb MOD\u00cbS N\u00cb KOMUN\u00cbN E GOSTIVARIT"},"content":{"rendered":"<p><strong>Gostivari b\u00ebhet pjes\u00eb e Muza Fashion Fair 2026!\u00a0<\/strong><\/p>\n<p>T\u00eb dashur biznese, stilist\u00eb, prodhues dhe kreativ\u00eb t\u00eb fush\u00ebs s\u00eb mod\u00ebs!<br \/>\nKomuna e Gostivarit ju fton t\u00eb p\u00ebrfaq\u00ebsoni qytetin ton\u00eb n\u00eb panairin e par\u00eb t\u00eb industris\u00eb<br \/>\ns\u00eb mod\u00ebs n\u00eb Ballkanin Per\u00ebndimor \u2013\u00a0Muza Fashion Fair, q\u00eb do t\u00eb mbahet n\u00eb Tiran\u00eb,<br \/>\nm\u00eb 16-18 maj 2026!<\/p>\n<p>Ky \u00ebsht\u00eb rasti juaj p\u00ebr t\u00eb ekspozuar krijimet, p\u00ebr t\u00eb gjetur partner\u00eb t\u00eb rinj dhe p\u00ebr t\u00eb hyr\u00eb<br \/>\nn\u00eb tregje t\u00eb reja rajonale e nd\u00ebrkomb\u00ebtare.<\/p>\n<p>Kush mund t\u00eb aplikoj\u00eb?<\/p>\n<p><strong>Dizajner\u00eb, marka mode, prodhues tekstili, kompani aksesor\u00ebsh, k\u00ebpuc\u00ebsh, shkolla<\/strong><br \/>\n<strong>mode dhe profesionist\u00eb kreativ\u00eb.<\/strong><\/p>\n<p>P\u00ebr m\u00eb shum\u00eb informacion rreth pjes\u00ebmarrjes dhe paket\u00ebs s\u00eb ekspozuesve, vizitoni:<\/p>\n<p><a href=\"https:\/\/www.muzafashionfair.com\/\"><strong>\u00a0https:\/\/www.muzafashionfair.com\/<\/strong><\/a><\/p>\n<p>P\u00ebr t\u00eb shprehur interesin tuaj, na kontaktoni n\u00eb:<\/p>\n<p><strong>Email: info@gostivari.gov.mk, <\/strong><\/p>\n<p><strong>Nr.tel. 078 474 904.<\/strong><\/p>\n<p>Afati i shprehjes s\u00eb interesit zgjat deri m\u00eb: <strong>06.04.2026<\/strong>.<\/p>\n<p>Mos e humbni mund\u00ebsin\u00eb p\u00ebr t\u00eb ekspozuar brendin tuaj, p\u00ebr t\u00eb krijuar partneritete t\u00eb<br \/>\nreja dhe p\u00ebr t\u00eb qen\u00eb pjes\u00eb e nj\u00eb prej ngjarjeve m\u00eb t\u00eb m\u00ebdha t\u00eb mod\u00ebs n\u00eb rajon!<\/p>\n<p>Le ta b\u00ebjm\u00eb Gostivarin pjes\u00eb t\u00eb sken\u00ebs s\u00eb mod\u00ebs rajonale!<\/p>\n<p>&nbsp;<\/p>\n<p><a href=\"https:\/\/gostivari.gov.mk\/042\/wp-content\/uploads\/2026\/03\/MUZA-FASHION-FAIR-PRESANTATION-ALB.pdf\">MUZA FASHION FAIR PRESANTATION -ALB<\/a><\/p>\n<p>&nbsp;<\/p>\n<p><a href=\"https:\/\/gostivari.gov.mk\/042\/wp-content\/uploads\/2026\/03\/MUZA-FASHION-FAIR-PRESANTATION-EN.pdf\">MUZA FASHION FAIR PRESANTATION &#8211; EN<\/a><\/p>\n","protected":false},"excerpt":{"rendered":"<p>Gostivari b\u00ebhet pjes\u00eb e Muza Fashion Fair 2026!\u00a0 T\u00eb dashur biznese, stilist\u00eb, prodhues dhe kreativ\u00eb t\u00eb fush\u00ebs s\u00eb mod\u00ebs! Komuna e Gostivarit ju fton t\u00eb p\u00ebrfaq\u00ebsoni qytetin ton\u00eb n\u00eb panairin e par\u00eb t\u00eb industris\u00eb s\u00eb mod\u00ebs n\u00eb Ballkanin Per\u00ebndimor \u2013\u00a0Muza Fashion Fair, q\u00eb do t\u00eb mbahet n\u00eb Tiran\u00eb, m\u00eb 16-18 maj 2026! Ky \u00ebsht\u00eb rasti [&hellip;]<\/p>\n","protected":false},"author":3,"featured_media":2206,"comment_status":"closed","ping_status":"closed","sticky":false,"template":"","format":"standard","meta":{"footnotes":""},"categories":[15,13],"tags":[],"class_list":["post-2200","post","type-post","status-publish","format-standard","has-post-thumbnail","hentry","category-lajme","category-shpallje"],"_links":{"self":[{"href":"https:\/\/gostivari.gov.mk\/042\/wp-json\/wp\/v2\/posts\/2200","targetHints":{"allow":["GET"]}}],"collection":[{"href":"https:\/\/gostivari.gov.mk\/042\/wp-json\/wp\/v2\/posts"}],"about":[{"href":"https:\/\/gostivari.gov.mk\/042\/wp-json\/wp\/v2\/types\/post"}],"author":[{"embeddable":true,"href":"https:\/\/gostivari.gov.mk\/042\/wp-json\/wp\/v2\/users\/3"}],"replies":[{"embeddable":true,"href":"https:\/\/gostivari.gov.mk\/042\/wp-json\/wp\/v2\/comments?post=2200"}],"version-history":[{"count":4,"href":"https:\/\/gostivari.gov.mk\/042\/wp-json\/wp\/v2\/posts\/2200\/revisions"}],"predecessor-version":[{"id":2208,"href":"https:\/\/gostivari.gov.mk\/042\/wp-json\/wp\/v2\/posts\/2200\/revisions\/2208"}],"wp:featuredmedia":[{"embeddable":true,"href":"https:\/\/gostivari.gov.mk\/042\/wp-json\/wp\/v2\/media\/2206"}],"wp:attachment":[{"href":"https:\/\/gostivari.gov.mk\/042\/wp-json\/wp\/v2\/media?parent=2200"}],"wp:term":[{"taxonomy":"category","embeddable":true,"href":"https:\/\/gostivari.gov.mk\/042\/wp-json\/wp\/v2\/categories?post=2200"},{"taxonomy":"post_tag","embeddable":true,"href":"https:\/\/gostivari.gov.mk\/042\/wp-json\/wp\/v2\/tags?post=2200"}],"curies":[{"name":"wp","href":"https:\/\/api.w.org\/{rel}","templated":true}]}}