{"id":367,"date":"2024-10-30T14:12:28","date_gmt":"2024-10-30T14:12:28","guid":{"rendered":"https:\/\/gostivari.gov.mk\/042\/?p=367"},"modified":"2024-10-30T14:14:20","modified_gmt":"2024-10-30T14:14:20","slug":"limani-filloi-fushaten-projektojme-bashke-qytetaret-shprehen-interesim-dhe-mbeshtetje","status":"publish","type":"post","link":"https:\/\/gostivari.gov.mk\/042\/archives\/367","title":{"rendered":"Limani filloi fushat\u00ebn &#8220;Projektojm\u00eb bashk\u00eb&#8221;, qytetar\u00ebt shpreh\u00ebn interesim dhe mb\u00ebshtetje"},"content":{"rendered":"\n<p>Limani filloi fushat\u00ebn &#8220;Projektojm\u00eb bashk\u00eb&#8221;, qytetar\u00ebt shpreh\u00ebn interesim dhe mb\u00ebshtetje<\/p>\n\n\n\n<p>Kryetari i Komun\u00ebs s\u00eb Gostivarit, Valbon Limani nga sot filloi me fushat\u00ebn &#8220;Projektojm\u00eb s\u00eb bashku&#8221;, ku qytetar\u00ebt do t\u00eb ken\u00eb mund\u00ebsi t\u00eb propozojn\u00eb projekte p\u00ebr vendbanimet e tyre.<\/p>\n\n\n\n<p>Fushata &#8220;Projektojm\u00eb bashk\u00eb&#8221; nisi sot n\u00eb fshatin Zdunj\u00eb dhe n\u00eb fshatin Debresh, nd\u00ebrsa banor\u00ebt shpreh\u00ebn mb\u00ebshtetje me masovitet si dhe me dh\u00ebnie idesh p\u00ebr projektet e ardhshme t\u00eb Komun\u00ebs s\u00eb Gostivarit.<\/p>\n\n\n\n<p>Fushata &#8220;Projektojm\u00eb bashk\u00eb&#8221; e nisur nga kryetari i Komun\u00ebs s\u00eb Gostivarit, Valbon Limani, synon t\u00eb p\u00ebrfshij\u00eb qytetar\u00ebt n\u00eb procesin e planifikimit dhe vendimmarrjes p\u00ebr projekte lokale<\/p>\n\n\n\n<p>Kujtojm\u00eb se Komuna e Gostivarit arriti q\u00eb t\u00eb fitoj\u00eb 13 projekte t\u00eb reja nga Qeveria e RMV-s\u00eb e q\u00eb kryesisht jan\u00eb n\u00eb infrastruktur\u00eb. Komuna e Gostivarit me an\u00eb t\u00eb k\u00ebsaj fushate do t\u00eb p\u00ebrpiloj\u00eb projekte dhe do t\u00eb aplikoj\u00eb n\u00eb thirrjen e dyt\u00eb n\u00eb Qeverin\u00eb e RMV-s\u00eb.<br><br><\/p>\n","protected":false},"excerpt":{"rendered":"<p>Limani filloi fushat\u00ebn &#8220;Projektojm\u00eb bashk\u00eb&#8221;, qytetar\u00ebt shpreh\u00ebn interesim dhe mb\u00ebshtetje Kryetari i Komun\u00ebs s\u00eb Gostivarit, Valbon Limani nga sot filloi me fushat\u00ebn &#8220;Projektojm\u00eb s\u00eb bashku&#8221;, ku qytetar\u00ebt do t\u00eb ken\u00eb mund\u00ebsi t\u00eb propozojn\u00eb projekte p\u00ebr vendbanimet e tyre. Fushata &#8220;Projektojm\u00eb bashk\u00eb&#8221; nisi sot n\u00eb fshatin Zdunj\u00eb dhe n\u00eb fshatin Debresh, nd\u00ebrsa banor\u00ebt shpreh\u00ebn mb\u00ebshtetje me [&hellip;]<\/p>\n","protected":false},"author":1,"featured_media":376,"comment_status":"closed","ping_status":"closed","sticky":false,"template":"","format":"standard","meta":{"footnotes":""},"categories":[15],"tags":[],"class_list":["post-367","post","type-post","status-publish","format-standard","has-post-thumbnail","hentry","category-lajme"],"_links":{"self":[{"href":"https:\/\/gostivari.gov.mk\/042\/wp-json\/wp\/v2\/posts\/367","targetHints":{"allow":["GET"]}}],"collection":[{"href":"https:\/\/gostivari.gov.mk\/042\/wp-json\/wp\/v2\/posts"}],"about":[{"href":"https:\/\/gostivari.gov.mk\/042\/wp-json\/wp\/v2\/types\/post"}],"author":[{"embeddable":true,"href":"https:\/\/gostivari.gov.mk\/042\/wp-json\/wp\/v2\/users\/1"}],"replies":[{"embeddable":true,"href":"https:\/\/gostivari.gov.mk\/042\/wp-json\/wp\/v2\/comments?post=367"}],"version-history":[{"count":1,"href":"https:\/\/gostivari.gov.mk\/042\/wp-json\/wp\/v2\/posts\/367\/revisions"}],"predecessor-version":[{"id":377,"href":"https:\/\/gostivari.gov.mk\/042\/wp-json\/wp\/v2\/posts\/367\/revisions\/377"}],"wp:featuredmedia":[{"embeddable":true,"href":"https:\/\/gostivari.gov.mk\/042\/wp-json\/wp\/v2\/media\/376"}],"wp:attachment":[{"href":"https:\/\/gostivari.gov.mk\/042\/wp-json\/wp\/v2\/media?parent=367"}],"wp:term":[{"taxonomy":"category","embeddable":true,"href":"https:\/\/gostivari.gov.mk\/042\/wp-json\/wp\/v2\/categories?post=367"},{"taxonomy":"post_tag","embeddable":true,"href":"https:\/\/gostivari.gov.mk\/042\/wp-json\/wp\/v2\/tags?post=367"}],"curies":[{"name":"wp","href":"https:\/\/api.w.org\/{rel}","templated":true}]}}