{"id":380,"date":"2024-10-30T14:19:09","date_gmt":"2024-10-30T14:19:09","guid":{"rendered":"https:\/\/gostivari.gov.mk\/042\/?p=380"},"modified":"2024-10-30T14:19:10","modified_gmt":"2024-10-30T14:19:10","slug":"fushata-projektojme-bashke-mbreme-perfshiu-vertokun-dhe-recanin-limani-premton-investime-ne-cdo-vendbanim","status":"publish","type":"post","link":"https:\/\/gostivari.gov.mk\/042\/archives\/380","title":{"rendered":"Fushata &#8220;Projektojm\u00eb bashk\u00eb&#8221; mbr\u00ebm\u00eb p\u00ebrfshiu V\u00ebrtokun dhe Re\u00e7anin, Limani premton investime n\u00eb \u00e7do vendbanim"},"content":{"rendered":"\n<p>Fushata &#8220;Projektojm\u00eb bashk\u00eb&#8221; e nisur nga kryetari i Komun\u00ebs s\u00eb Gostivarit, Valbon Limani, q\u00eb ka p\u00ebr q\u00ebllim t\u00eb p\u00ebrfshij\u00eb qytetar\u00ebt n\u00eb procesin e planifikimit dhe vendimmarrjes p\u00ebr projekte lokale, pas takimit n\u00eb Zdunj\u00eb dhe Debresh, mbr\u00ebm\u00eb vazhdoi edhe n\u00eb V\u00ebrtok dhe Re\u00e7an.<br><br>Banor\u00ebt e k\u00ebtyre vendbanimeve n\u00eb bashk\u00ebbisedim me kryetarin Limani treguan interes dhan\u00eb idet\u00eb e tyre p\u00ebr investimet e ardhshme, nd\u00ebrkaq kryetari Limani theksoi se \u00e7do vendbanim do t\u00eb preket nga investimet q\u00eb do t&#8217;i kryej komuna n\u00eb t\u00eb ardhmen me q\u00ebllim p\u00ebrmir\u00ebsimin e cil\u00ebsis\u00eb s\u00eb jet\u00ebs p\u00ebr t\u00eb gjith\u00eb.<br><br>Fushata \u201cProjektojm\u00eb bashk\u00eb\u201d ka p\u00ebr q\u00ebllim p\u00ebrfshirjen e qytetar\u00ebve n\u00eb procesin e planifikimit dhe vendimmarrjes p\u00ebr projekte q\u00eb u p\u00ebrgjigjen nevojave t\u00eb vendbanimeve.<\/p>\n","protected":false},"excerpt":{"rendered":"<p>Fushata &#8220;Projektojm\u00eb bashk\u00eb&#8221; e nisur nga kryetari i Komun\u00ebs s\u00eb Gostivarit, Valbon Limani, q\u00eb ka p\u00ebr q\u00ebllim t\u00eb p\u00ebrfshij\u00eb qytetar\u00ebt n\u00eb procesin e planifikimit dhe vendimmarrjes p\u00ebr projekte lokale, pas takimit n\u00eb Zdunj\u00eb dhe Debresh, mbr\u00ebm\u00eb vazhdoi edhe n\u00eb V\u00ebrtok dhe Re\u00e7an. Banor\u00ebt e k\u00ebtyre vendbanimeve n\u00eb bashk\u00ebbisedim me kryetarin Limani treguan interes dhan\u00eb idet\u00eb [&hellip;]<\/p>\n","protected":false},"author":1,"featured_media":381,"comment_status":"closed","ping_status":"closed","sticky":false,"template":"","format":"standard","meta":{"footnotes":""},"categories":[15],"tags":[],"class_list":["post-380","post","type-post","status-publish","format-standard","has-post-thumbnail","hentry","category-lajme"],"_links":{"self":[{"href":"https:\/\/gostivari.gov.mk\/042\/wp-json\/wp\/v2\/posts\/380","targetHints":{"allow":["GET"]}}],"collection":[{"href":"https:\/\/gostivari.gov.mk\/042\/wp-json\/wp\/v2\/posts"}],"about":[{"href":"https:\/\/gostivari.gov.mk\/042\/wp-json\/wp\/v2\/types\/post"}],"author":[{"embeddable":true,"href":"https:\/\/gostivari.gov.mk\/042\/wp-json\/wp\/v2\/users\/1"}],"replies":[{"embeddable":true,"href":"https:\/\/gostivari.gov.mk\/042\/wp-json\/wp\/v2\/comments?post=380"}],"version-history":[{"count":1,"href":"https:\/\/gostivari.gov.mk\/042\/wp-json\/wp\/v2\/posts\/380\/revisions"}],"predecessor-version":[{"id":382,"href":"https:\/\/gostivari.gov.mk\/042\/wp-json\/wp\/v2\/posts\/380\/revisions\/382"}],"wp:featuredmedia":[{"embeddable":true,"href":"https:\/\/gostivari.gov.mk\/042\/wp-json\/wp\/v2\/media\/381"}],"wp:attachment":[{"href":"https:\/\/gostivari.gov.mk\/042\/wp-json\/wp\/v2\/media?parent=380"}],"wp:term":[{"taxonomy":"category","embeddable":true,"href":"https:\/\/gostivari.gov.mk\/042\/wp-json\/wp\/v2\/categories?post=380"},{"taxonomy":"post_tag","embeddable":true,"href":"https:\/\/gostivari.gov.mk\/042\/wp-json\/wp\/v2\/tags?post=380"}],"curies":[{"name":"wp","href":"https:\/\/api.w.org\/{rel}","templated":true}]}}