{"id":563,"date":"2024-11-29T13:24:09","date_gmt":"2024-11-29T13:24:09","guid":{"rendered":"https:\/\/gostivari.gov.mk\/042\/?p=563"},"modified":"2024-11-29T13:24:09","modified_gmt":"2024-11-29T13:24:09","slug":"kryetari-limani-priti-ne-takim-mbikeqyresin-e-akademise-se-klubit-te-futbollit-beshiktash-nga-turqia","status":"publish","type":"post","link":"https:\/\/gostivari.gov.mk\/042\/archives\/563","title":{"rendered":"Kryetari Limani priti n\u00eb takim mbik\u00ebqyr\u00ebsin e Akademis\u00eb s\u00eb klubit t\u00eb futbollit Beshiktash nga Turqia"},"content":{"rendered":"\n<p>Kryetari Limani priti n\u00eb takim mbik\u00ebqyr\u00ebsin e Akademis\u00eb s\u00eb klubit t\u00eb futbollit Beshiktash nga Turqia<\/p>\n\n\n\n<p>Kryetari i Komun\u00ebs s\u00eb Gostivarit, Valbon Limani ka pritur sot n\u00eb takim mbik\u00ebqyr\u00ebsin e Akademis\u00eb s\u00eb futbollit t\u00eb klubit &#8220;Beshiktash&#8221; nga Turqia, Safet Isler.<\/p>\n\n\n\n<p>N\u00eb takim, \u00ebsht\u00eb diskutuar mund\u00ebsia q\u00eb ky klub sportiv t\u00eb hap akademi futbolli edhe n\u00eb Gostivar.<\/p>\n\n\n\n<p>&#8220;Prita sot ne takim mbik\u00ebqyr\u00ebsin e Akademis\u00eb s\u00eb futbollit t\u00eb klubit Besiktas nga Republika e Turqis\u00eb, z. Safet Isler dhe bashk\u00ebpun\u00ebtor\u00ebt e tij. N\u00eb takim u bisedua p\u00ebr fillimin e bashkpunimit me k\u00ebt\u00eb klub p\u00ebr mund\u00ebsin\u00eb e hapjes s\u00eb akademis\u00eb s\u00eb Besiktas n\u00eb qytetin ton\u00eb&#8221;, shkruan n\u00eb rrjetet sociale Valbon Limani, kryetar i komun\u00ebs s\u00eb Gostivarit.<\/p>\n\n\n\n<p>Ai thot\u00eb se ky \u00ebsht\u00eb nj\u00eb lajm fantastik p\u00ebr sportdash\u00ebsit e qytetit ton\u00eb, n\u00eb ve\u00e7anti f\u00ebmij\u00ebt.<\/p>\n","protected":false},"excerpt":{"rendered":"<p>Kryetari Limani priti n\u00eb takim mbik\u00ebqyr\u00ebsin e Akademis\u00eb s\u00eb klubit t\u00eb futbollit Beshiktash nga Turqia Kryetari i Komun\u00ebs s\u00eb Gostivarit, Valbon Limani ka pritur sot n\u00eb takim mbik\u00ebqyr\u00ebsin e Akademis\u00eb s\u00eb futbollit t\u00eb klubit &#8220;Beshiktash&#8221; nga Turqia, Safet Isler. N\u00eb takim, \u00ebsht\u00eb diskutuar mund\u00ebsia q\u00eb ky klub sportiv t\u00eb hap akademi futbolli edhe n\u00eb Gostivar. [&hellip;]<\/p>\n","protected":false},"author":1,"featured_media":564,"comment_status":"closed","ping_status":"closed","sticky":false,"template":"","format":"standard","meta":{"footnotes":""},"categories":[15],"tags":[],"class_list":["post-563","post","type-post","status-publish","format-standard","has-post-thumbnail","hentry","category-lajme"],"_links":{"self":[{"href":"https:\/\/gostivari.gov.mk\/042\/wp-json\/wp\/v2\/posts\/563","targetHints":{"allow":["GET"]}}],"collection":[{"href":"https:\/\/gostivari.gov.mk\/042\/wp-json\/wp\/v2\/posts"}],"about":[{"href":"https:\/\/gostivari.gov.mk\/042\/wp-json\/wp\/v2\/types\/post"}],"author":[{"embeddable":true,"href":"https:\/\/gostivari.gov.mk\/042\/wp-json\/wp\/v2\/users\/1"}],"replies":[{"embeddable":true,"href":"https:\/\/gostivari.gov.mk\/042\/wp-json\/wp\/v2\/comments?post=563"}],"version-history":[{"count":1,"href":"https:\/\/gostivari.gov.mk\/042\/wp-json\/wp\/v2\/posts\/563\/revisions"}],"predecessor-version":[{"id":565,"href":"https:\/\/gostivari.gov.mk\/042\/wp-json\/wp\/v2\/posts\/563\/revisions\/565"}],"wp:featuredmedia":[{"embeddable":true,"href":"https:\/\/gostivari.gov.mk\/042\/wp-json\/wp\/v2\/media\/564"}],"wp:attachment":[{"href":"https:\/\/gostivari.gov.mk\/042\/wp-json\/wp\/v2\/media?parent=563"}],"wp:term":[{"taxonomy":"category","embeddable":true,"href":"https:\/\/gostivari.gov.mk\/042\/wp-json\/wp\/v2\/categories?post=563"},{"taxonomy":"post_tag","embeddable":true,"href":"https:\/\/gostivari.gov.mk\/042\/wp-json\/wp\/v2\/tags?post=563"}],"curies":[{"name":"wp","href":"https:\/\/api.w.org\/{rel}","templated":true}]}}