{"id":595,"date":"2024-12-02T13:38:45","date_gmt":"2024-12-02T13:38:45","guid":{"rendered":"https:\/\/gostivari.gov.mk\/042\/?p=595"},"modified":"2024-12-02T13:39:04","modified_gmt":"2024-12-02T13:39:04","slug":"komuna-e-gostivarit-arrin-dy-marreveshje-me-komunen-e-gjilanit","status":"publish","type":"post","link":"https:\/\/gostivari.gov.mk\/042\/archives\/595","title":{"rendered":"Komuna e Gostivarit arrin dy marr\u00ebveshje me Komun\u00ebn e Gjilanit"},"content":{"rendered":"\n<p>Komuna e Gostivarit arrin dy marr\u00ebveshje me Komun\u00ebn e Gjilanit<\/p>\n\n\n\n<p>P\u00ebrfaq\u00ebsues t\u00eb Komun\u00ebs s\u00eb Gostivarit zhvilluan sot nj\u00eb takim n\u00eb Gjilan me homolog\u00ebt e Komun\u00ebs s\u00eb Gjilanit, ku u arrit\u00ebn dy marr\u00ebveshje ky\u00e7e.<\/p>\n\n\n\n<ul class=\"wp-block-list\">\n<li>N\u00ebnshkrimi i nj\u00eb memorandumi bashk\u00ebpunimi nd\u00ebrmjet kryetar\u00ebve t\u00eb t\u00eb dy komunave, me synim forcimin e lidhjeve institucionale dhe promovimin e projekteve t\u00eb p\u00ebrbashk\u00ebta n\u00eb fusha me interes t\u00eb nd\u00ebrsjell\u00eb.<\/li>\n\n\n\n<li>Hartimi i nj\u00eb projekti t\u00eb p\u00ebrbashk\u00ebt p\u00ebr programin IPA 3, q\u00eb synon t\u00eb p\u00ebrfitoj\u00eb nga fondet e Bashkimit Evropian p\u00ebr zhvillim rajonal dhe bashk\u00ebpunim nd\u00ebrkufitar, duke kontribuar n\u00eb avancimin ekonomik dhe social t\u00eb t\u00eb dy komunave.<\/li>\n<\/ul>\n\n\n\n<p>K\u00ebto iniciativa pritet t\u00eb forcojn\u00eb bashk\u00ebpunimin nd\u00ebrkomunal dhe t\u00eb nxisin zhvillimin e q\u00ebndruesh\u00ebm n\u00eb rajon.<\/p>\n\n\n\n<p>Komuna e Gostivarit vazhdimisht ka bashk\u00ebpunuar me komunat n\u00eb rajon dhe do t\u00eb vazhdoj\u00eb me bashk\u00ebpunimet me t\u00eb vetmin q\u00ebllim q\u00eb t\u00eb zhvillohen sa m\u00eb shum\u00eb projekte.<\/p>\n","protected":false},"excerpt":{"rendered":"<p>Komuna e Gostivarit arrin dy marr\u00ebveshje me Komun\u00ebn e Gjilanit P\u00ebrfaq\u00ebsues t\u00eb Komun\u00ebs s\u00eb Gostivarit zhvilluan sot nj\u00eb takim n\u00eb Gjilan me homolog\u00ebt e Komun\u00ebs s\u00eb Gjilanit, ku u arrit\u00ebn dy marr\u00ebveshje ky\u00e7e. K\u00ebto iniciativa pritet t\u00eb forcojn\u00eb bashk\u00ebpunimin nd\u00ebrkomunal dhe t\u00eb nxisin zhvillimin e q\u00ebndruesh\u00ebm n\u00eb rajon. Komuna e Gostivarit vazhdimisht ka bashk\u00ebpunuar me [&hellip;]<\/p>\n","protected":false},"author":1,"featured_media":357,"comment_status":"closed","ping_status":"closed","sticky":false,"template":"","format":"standard","meta":{"footnotes":""},"categories":[15],"tags":[],"class_list":["post-595","post","type-post","status-publish","format-standard","has-post-thumbnail","hentry","category-lajme"],"_links":{"self":[{"href":"https:\/\/gostivari.gov.mk\/042\/wp-json\/wp\/v2\/posts\/595","targetHints":{"allow":["GET"]}}],"collection":[{"href":"https:\/\/gostivari.gov.mk\/042\/wp-json\/wp\/v2\/posts"}],"about":[{"href":"https:\/\/gostivari.gov.mk\/042\/wp-json\/wp\/v2\/types\/post"}],"author":[{"embeddable":true,"href":"https:\/\/gostivari.gov.mk\/042\/wp-json\/wp\/v2\/users\/1"}],"replies":[{"embeddable":true,"href":"https:\/\/gostivari.gov.mk\/042\/wp-json\/wp\/v2\/comments?post=595"}],"version-history":[{"count":1,"href":"https:\/\/gostivari.gov.mk\/042\/wp-json\/wp\/v2\/posts\/595\/revisions"}],"predecessor-version":[{"id":596,"href":"https:\/\/gostivari.gov.mk\/042\/wp-json\/wp\/v2\/posts\/595\/revisions\/596"}],"wp:featuredmedia":[{"embeddable":true,"href":"https:\/\/gostivari.gov.mk\/042\/wp-json\/wp\/v2\/media\/357"}],"wp:attachment":[{"href":"https:\/\/gostivari.gov.mk\/042\/wp-json\/wp\/v2\/media?parent=595"}],"wp:term":[{"taxonomy":"category","embeddable":true,"href":"https:\/\/gostivari.gov.mk\/042\/wp-json\/wp\/v2\/categories?post=595"},{"taxonomy":"post_tag","embeddable":true,"href":"https:\/\/gostivari.gov.mk\/042\/wp-json\/wp\/v2\/tags?post=595"}],"curies":[{"name":"wp","href":"https:\/\/api.w.org\/{rel}","templated":true}]}}