{"id":909,"date":"2025-01-30T07:58:11","date_gmt":"2025-01-30T07:58:11","guid":{"rendered":"https:\/\/gostivari.gov.mk\/042\/?p=909"},"modified":"2025-01-30T07:58:12","modified_gmt":"2025-01-30T07:58:12","slug":"edhe-nje-cerdhe-e-re-ne-gostivar-ndahen-10-punesime-te-reja","status":"publish","type":"post","link":"https:\/\/gostivari.gov.mk\/042\/archives\/909","title":{"rendered":"Edhe nj\u00eb \u00e7erdhe e re n\u00eb Gostivar, ndahen 10 pun\u00ebsime t\u00eb reja"},"content":{"rendered":"\n<p><\/p>\n\n\n\n<p>Kryetari i Komun\u00ebs s\u00eb Gostivarit, Valbon Limani, bashk\u00eb me ministrin p\u00ebr \u00c7\u00ebshtje Sociale, Fatmir Limani, sot bashk\u00ebrisht ndan\u00eb 10 vendime pune p\u00ebr punonj\u00ebset e \u00e7erdheve. Po ashtu, u promovuan edhe hap\u00ebsirat e reja shtes\u00eb me dy paralele p\u00ebr akomodimin e 60 f\u00ebmij\u00ebve.<\/p>\n\n\n\n<p>Kryetari Valbon Limani, bashk\u00eb me ministrin Fatmir Limani, biseduan edhe p\u00ebr \u00e7erdhen e re q\u00eb do t\u00eb nd\u00ebrtohet n\u00eb Gostivar me kapacitet prej 100-120 f\u00ebmij\u00eb, kurse procedura p\u00ebr nd\u00ebrtimin e s\u00eb cil\u00ebs \u00ebsht\u00eb n\u00eb vijim e sip\u00ebr.<\/p>\n\n\n\n<p>&#8220;Me ministrin Limani diskutuam edhe projektet vijuese, si\u00e7 jan\u00eb dy klasat shtes\u00eb t\u00eb cilat kan\u00eb kaluar dhe jan\u00eb n\u00eb p\u00ebrgatitje e sip\u00ebr, dhe me t\u00eb cilat do t\u00eb rriten kapacitetet p\u00ebr 60 f\u00ebmij\u00eb, si dhe aplikimi i cili vijon p\u00ebr nj\u00eb \u00e7erdhe t\u00eb re me kapacitet prej 100-120 f\u00ebmij\u00ebsh. Me k\u00ebt\u00eb, besoj se nuk do t\u00eb ket\u00eb m\u00eb lista t\u00eb pritjeve p\u00ebr n\u00eb \u00e7erdhe n\u00eb Komun\u00ebn e Gostivarit&#8221;, u shpreh kryetari Limani.<\/p>\n\n\n\n<p>N\u00eb k\u00ebt\u00eb ngjarje u vizitua edhe Qendra &#8220;Blue Puzzle&#8221; dhe Qendra ditore p\u00ebr persona me nevoja t\u00eb ve\u00e7anta, ku u ndan\u00eb mjete didaktike.<\/p>\n","protected":false},"excerpt":{"rendered":"<p>Kryetari i Komun\u00ebs s\u00eb Gostivarit, Valbon Limani, bashk\u00eb me ministrin p\u00ebr \u00c7\u00ebshtje Sociale, Fatmir Limani, sot bashk\u00ebrisht ndan\u00eb 10 vendime pune p\u00ebr punonj\u00ebset e \u00e7erdheve. Po ashtu, u promovuan edhe hap\u00ebsirat e reja shtes\u00eb me dy paralele p\u00ebr akomodimin e 60 f\u00ebmij\u00ebve. Kryetari Valbon Limani, bashk\u00eb me ministrin Fatmir Limani, biseduan edhe p\u00ebr \u00e7erdhen e [&hellip;]<\/p>\n","protected":false},"author":1,"featured_media":910,"comment_status":"closed","ping_status":"closed","sticky":false,"template":"","format":"standard","meta":{"footnotes":""},"categories":[15],"tags":[],"class_list":["post-909","post","type-post","status-publish","format-standard","has-post-thumbnail","hentry","category-lajme"],"_links":{"self":[{"href":"https:\/\/gostivari.gov.mk\/042\/wp-json\/wp\/v2\/posts\/909","targetHints":{"allow":["GET"]}}],"collection":[{"href":"https:\/\/gostivari.gov.mk\/042\/wp-json\/wp\/v2\/posts"}],"about":[{"href":"https:\/\/gostivari.gov.mk\/042\/wp-json\/wp\/v2\/types\/post"}],"author":[{"embeddable":true,"href":"https:\/\/gostivari.gov.mk\/042\/wp-json\/wp\/v2\/users\/1"}],"replies":[{"embeddable":true,"href":"https:\/\/gostivari.gov.mk\/042\/wp-json\/wp\/v2\/comments?post=909"}],"version-history":[{"count":2,"href":"https:\/\/gostivari.gov.mk\/042\/wp-json\/wp\/v2\/posts\/909\/revisions"}],"predecessor-version":[{"id":1557,"href":"https:\/\/gostivari.gov.mk\/042\/wp-json\/wp\/v2\/posts\/909\/revisions\/1557"}],"wp:featuredmedia":[{"embeddable":true,"href":"https:\/\/gostivari.gov.mk\/042\/wp-json\/wp\/v2\/media\/910"}],"wp:attachment":[{"href":"https:\/\/gostivari.gov.mk\/042\/wp-json\/wp\/v2\/media?parent=909"}],"wp:term":[{"taxonomy":"category","embeddable":true,"href":"https:\/\/gostivari.gov.mk\/042\/wp-json\/wp\/v2\/categories?post=909"},{"taxonomy":"post_tag","embeddable":true,"href":"https:\/\/gostivari.gov.mk\/042\/wp-json\/wp\/v2\/tags?post=909"}],"curies":[{"name":"wp","href":"https:\/\/api.w.org\/{rel}","templated":true}]}}