{"id":956,"date":"2025-02-11T15:02:48","date_gmt":"2025-02-11T15:02:48","guid":{"rendered":"https:\/\/gostivari.gov.mk\/042\/?p=956"},"modified":"2025-02-12T09:45:20","modified_gmt":"2025-02-12T09:45:20","slug":"komuna-e-gostivarit-dhe-komuna-e-gjilanit-lidhen-marreveshje-per-zbatimin-e-perbashket-te-nje-projekti-nga-programi-ipa-3","status":"publish","type":"post","link":"https:\/\/gostivari.gov.mk\/042\/archives\/956","title":{"rendered":"Komuna e Gostivarit dhe Komuna e Gjilanit lidh\u00ebn marr\u00ebveshje p\u00ebr zbatimin e p\u00ebrbashk\u00ebt t\u00eb nj\u00eb projekti nga programi IPA 3"},"content":{"rendered":"<p>Komuna e Gostivarit dhe Komuna e Gjilanit lidh\u00ebn marr\u00ebveshje p\u00ebr zbatimin e p\u00ebrbashk\u00ebt t\u00eb nj\u00eb projekti nga programi IPA 3<br \/>\nKryetari i Komun\u00ebs s\u00eb Gostivarit Valbon Limani dhe kryetari i Komun\u00ebs s\u00eb Gjilanit, Alban Hyseni, zhvilluan sot nj\u00eb takim t\u00eb r\u00ebnd\u00ebsish\u00ebm p\u00ebr t\u00eb forcuar bashk\u00ebpunimin nd\u00ebrkufitar n\u00eb fush\u00ebn e mbrojtjes s\u00eb mjedisit dhe zhvillimit t\u00eb q\u00ebndruesh\u00ebm.<br \/>\nN\u00eb k\u00ebt\u00eb takim, dy pal\u00ebt arrit\u00ebn marr\u00ebveshje p\u00ebr zbatimin e p\u00ebrbashk\u00ebt t\u00eb nj\u00eb projekti t\u00eb financuar nga programi IPA 3, i cili synon p\u00ebrmir\u00ebsimin e q\u00ebndrueshm\u00ebris\u00eb mjedisore, reduktimin e ndikimit t\u00eb ndryshimeve klimatike dhe ngritjen e cil\u00ebsis\u00eb s\u00eb jet\u00ebs p\u00ebr qytetar\u00ebt e dy komunave.<br \/>\nProjektet kryesore t\u00eb k\u00ebsaj nisme p\u00ebrfshin zhvillimin e infrastruktur\u00ebs s\u00eb gjelb\u00ebr dhe miq\u00ebsore me mjedisin \u2013 Komuna e Gostivarit do t\u00eb nis\u00eb nj\u00eb tranzicion nga sistemet tradicionale t\u00eb ngrohjes me l\u00ebnd\u00eb djeg\u00ebse fosile drejt p\u00ebrdorimit t\u00eb pompave t\u00eb nxeht\u00ebsis\u00eb, duke reduktuar ndotjen e ajrit. Nd\u00ebrkoh\u00eb, n\u00eb Komun\u00ebn e Gjilanit do t\u00eb krijohen hap\u00ebsira t\u00eb gjelbra urbane p\u00ebr t\u00eb p\u00ebrmir\u00ebsuar cil\u00ebsin\u00eb e ajrit dhe jetes\u00ebs.<br \/>\nKryetari Limani theksoi se kjo marr\u00ebveshje, apo ky bashk\u00ebpunim \u00ebsht\u00eb hap i r\u00ebnd\u00ebsish\u00ebm drejt zhvillimit t\u00eb qendruesh\u00ebm dhe bashk\u00ebpunimit rajonal.<br \/>\n\u201cKy projekt \u00ebsht\u00eb nj\u00eb d\u00ebshmi e p\u00ebrkushtimit ton\u00eb p\u00ebr nj\u00eb t\u00eb ardhme m\u00eb t\u00eb past\u00ebr dhe m\u00eb t\u00eb sh\u00ebndetshme p\u00ebr qytetar\u00ebt tan\u00eb. Bashk\u00ebpunimi me Gjilanin do t\u00eb sjell\u00eb ndryshime reale n\u00eb cil\u00ebsin\u00eb e jet\u00ebs dhe do t\u00eb vendos\u00eb nj\u00eb model t\u00eb suksessh\u00ebm p\u00ebr bashk\u00ebpunimin nd\u00ebrkufitar,\u201d u shpreh Limani.<br \/>\nNga ana e tij, Kryetari i Komun\u00ebs s\u00eb Gjilanit, Alban Hyseni, theksoi r\u00ebnd\u00ebsin\u00eb e projekteve t\u00eb p\u00ebrbashk\u00ebta p\u00ebr ruajtjen e mjedisit dhe p\u00ebrmir\u00ebsimin e kushteve t\u00eb jetes\u00ebs.<br \/>\n\u201cKjo marr\u00ebveshje \u00ebsht\u00eb nj\u00eb hap i r\u00ebnd\u00ebsish\u00ebm drejt nj\u00eb mjedisi m\u00eb t\u00eb sh\u00ebndetsh\u00ebm p\u00ebr t\u00eb gjith\u00eb ne. Jemi t\u00eb p\u00ebrkushtuar q\u00eb, p\u00ebrmes k\u00ebtij bashk\u00ebpunimi, t\u00eb krijojm\u00eb kushte m\u00eb t\u00eb mira p\u00ebr qytetar\u00ebt tan\u00eb dhe t\u00eb kontribuojm\u00eb n\u00eb nd\u00ebrtimin e nj\u00eb komuniteti m\u00eb t\u00eb q\u00ebndruesh\u00ebm,\u201d tha Hyseni.<br \/>\nProjekti i p\u00ebrbashk\u00ebt Gostivar-Gjilan \u00ebsht\u00eb nj\u00eb iniciativ\u00eb e r\u00ebnd\u00ebsishme brenda programit IPA 3, duke reflektuar vizionin e dy komunave p\u00ebr nj\u00eb t\u00eb ardhme m\u00eb t\u00eb gjelb\u00ebr dhe t\u00eb q\u00ebndrueshme p\u00ebr rajonin nd\u00ebrkufitar. Zbatimi i tij pritet t\u00eb nis\u00eb n\u00eb muajt e ardhsh\u00ebm, me p\u00ebrfitime t\u00eb drejtp\u00ebrdrejta p\u00ebr komunitetet lokale.<\/p>\n","protected":false},"excerpt":{"rendered":"<p>Komuna e Gostivarit dhe Komuna e Gjilanit lidh\u00ebn marr\u00ebveshje p\u00ebr zbatimin e p\u00ebrbashk\u00ebt t\u00eb nj\u00eb projekti nga programi IPA 3 Kryetari i Komun\u00ebs s\u00eb Gostivarit Valbon Limani dhe kryetari i Komun\u00ebs s\u00eb Gjilanit, Alban Hyseni, zhvilluan sot nj\u00eb takim t\u00eb r\u00ebnd\u00ebsish\u00ebm p\u00ebr t\u00eb forcuar bashk\u00ebpunimin nd\u00ebrkufitar n\u00eb fush\u00ebn e mbrojtjes s\u00eb mjedisit dhe zhvillimit t\u00eb [&hellip;]<\/p>\n","protected":false},"author":4,"featured_media":963,"comment_status":"closed","ping_status":"closed","sticky":false,"template":"","format":"standard","meta":{"footnotes":""},"categories":[15],"tags":[],"class_list":["post-956","post","type-post","status-publish","format-standard","has-post-thumbnail","hentry","category-lajme"],"_links":{"self":[{"href":"https:\/\/gostivari.gov.mk\/042\/wp-json\/wp\/v2\/posts\/956","targetHints":{"allow":["GET"]}}],"collection":[{"href":"https:\/\/gostivari.gov.mk\/042\/wp-json\/wp\/v2\/posts"}],"about":[{"href":"https:\/\/gostivari.gov.mk\/042\/wp-json\/wp\/v2\/types\/post"}],"author":[{"embeddable":true,"href":"https:\/\/gostivari.gov.mk\/042\/wp-json\/wp\/v2\/users\/4"}],"replies":[{"embeddable":true,"href":"https:\/\/gostivari.gov.mk\/042\/wp-json\/wp\/v2\/comments?post=956"}],"version-history":[{"count":4,"href":"https:\/\/gostivari.gov.mk\/042\/wp-json\/wp\/v2\/posts\/956\/revisions"}],"predecessor-version":[{"id":1556,"href":"https:\/\/gostivari.gov.mk\/042\/wp-json\/wp\/v2\/posts\/956\/revisions\/1556"}],"wp:featuredmedia":[{"embeddable":true,"href":"https:\/\/gostivari.gov.mk\/042\/wp-json\/wp\/v2\/media\/963"}],"wp:attachment":[{"href":"https:\/\/gostivari.gov.mk\/042\/wp-json\/wp\/v2\/media?parent=956"}],"wp:term":[{"taxonomy":"category","embeddable":true,"href":"https:\/\/gostivari.gov.mk\/042\/wp-json\/wp\/v2\/categories?post=956"},{"taxonomy":"post_tag","embeddable":true,"href":"https:\/\/gostivari.gov.mk\/042\/wp-json\/wp\/v2\/tags?post=956"}],"curies":[{"name":"wp","href":"https:\/\/api.w.org\/{rel}","templated":true}]}}